{"id":5360,"date":"2021-08-27T10:23:47","date_gmt":"2021-08-27T08:23:47","guid":{"rendered":"https:\/\/www.decoplafond.fr\/?p=5360"},"modified":"2023-08-08T18:20:57","modified_gmt":"2023-08-08T16:20:57","slug":"installation-dun-plafond-tendu-satine","status":"publish","type":"post","link":"https:\/\/www.decoplafond.fr\/index.php\/2021\/08\/27\/installation-dun-plafond-tendu-satine\/","title":{"rendered":"Installation d&rsquo;un plafond tendu satin\u00e9"},"content":{"rendered":"<p>L\u2019entreprise D\u00e9co Plafond est intervenue sur la commune de <strong>Ceyreste<\/strong>, pour nos clients qui ont souhait\u00e9 un nouveau <a href=\"https:\/\/www.decoplafond.fr\/index.php\/2021\/04\/11\/installation-de-plusieurs-plafonds-tendus-en-pvc-laque-blanc-dans-un-appartement\/\">plafond satin\u00e9 blanc<\/a> dans le s\u00e9jour et laqu\u00e9 blanc dans la cuisine afin de masquer l&rsquo;ancien plafond.<\/p>\n<p>Nos clients nous ont aussi demand\u00e9 de modifier l&#8217;emplacement des spots pour obtenir un \u00e9clairage plus adapt\u00e9. Ce type de <a href=\"https:\/\/www.decoplafond.fr\/index.php\/2021\/02\/28\/plafond-tendu-laque-blanc-sous-charpente\/\">toile tendu<\/a> offre un rendu d\u2019une grande luminosit\u00e9.<\/p>\n<p>Comme vous pouvez le constater sur les photos jointes, le rendu est tr\u00e8s esth\u00e9tique et nos clients sont tr\u00e8s satisfaits du travail r\u00e9alis\u00e9 et du r\u00e9sultat obtenu.<\/p>\n<p>Vous souhaitez faire r\u00e9aliser un plafond tendu, un mur tendu, un plafond acoustique, un mur acoustique, un plafond miroir, un plafond laqu\u00e9 ou tout simplement des peintures ou d\u00e9corations d\u2019int\u00e9rieurs, <a href=\"https:\/\/www.decoplafond.fr\/contactez-nous\/\">contactez-nous<\/a>.<\/p>\n<p>Vous pouvez \u00e9galement nous \u00e9crire et si n\u00e9cessaire, nous envoyer des photos en utilisant le formulaire de contact disponible <a href=\"https:\/\/www.decoplafond.fr\/contactez-nous\/\">ici<\/a>.<\/p>\n<p>Nous sommes aussi joignables par t\u00e9l\u00e9phone au <a href=\"tel:0491854020\">04 91 85 40 20<\/a> et <a href=\"tel:0609505035\">06 09 50 50 35<\/a>.<\/p>\n<p>Notre adresse : 6 Boulevard Reynaud de Trets 13010 Marseille<\/p>\n","protected":false},"excerpt":{"rendered":"<p>L\u2019entreprise D\u00e9co Plafond est intervenue sur la commune de Ceyreste, pour nos clients qui ont souhait\u00e9 un nouveau plafond satin\u00e9 blanc dans le s\u00e9jour et laqu\u00e9 blanc dans la cuisine afin de masquer l&rsquo;ancien plafond. Nos clients nous ont aussi demand\u00e9 de modifier l&#8217;emplacement des spots pour obtenir un \u00e9clairage plus adapt\u00e9. Ce type de<\/p>\n","protected":false},"author":1,"featured_media":5243,"comment_status":"closed","ping_status":"closed","sticky":false,"template":"","format":"standard","meta":{"footnotes":""},"categories":[72,92,73,51],"tags":[60,159,114,81],"class_list":["post-5360","post","type-post","status-publish","format-standard","has-post-thumbnail","hentry","category-archive","category-plafon-tendu-satine","category-plafond-mirroir","category-plafond-tendu","tag-plafond-tendu","tag-plafond-tendu-ceyreste","tag-plafond-tendu-laque-marseille","tag-plafond-tendu-marseille"],"_links":{"self":[{"href":"https:\/\/www.decoplafond.fr\/index.php\/wp-json\/wp\/v2\/posts\/5360","targetHints":{"allow":["GET"]}}],"collection":[{"href":"https:\/\/www.decoplafond.fr\/index.php\/wp-json\/wp\/v2\/posts"}],"about":[{"href":"https:\/\/www.decoplafond.fr\/index.php\/wp-json\/wp\/v2\/types\/post"}],"author":[{"embeddable":true,"href":"https:\/\/www.decoplafond.fr\/index.php\/wp-json\/wp\/v2\/users\/1"}],"replies":[{"embeddable":true,"href":"https:\/\/www.decoplafond.fr\/index.php\/wp-json\/wp\/v2\/comments?post=5360"}],"version-history":[{"count":1,"href":"https:\/\/www.decoplafond.fr\/index.php\/wp-json\/wp\/v2\/posts\/5360\/revisions"}],"predecessor-version":[{"id":5371,"href":"https:\/\/www.decoplafond.fr\/index.php\/wp-json\/wp\/v2\/posts\/5360\/revisions\/5371"}],"wp:featuredmedia":[{"embeddable":true,"href":"https:\/\/www.decoplafond.fr\/index.php\/wp-json\/wp\/v2\/media\/5243"}],"wp:attachment":[{"href":"https:\/\/www.decoplafond.fr\/index.php\/wp-json\/wp\/v2\/media?parent=5360"}],"wp:term":[{"taxonomy":"category","embeddable":true,"href":"https:\/\/www.decoplafond.fr\/index.php\/wp-json\/wp\/v2\/categories?post=5360"},{"taxonomy":"post_tag","embeddable":true,"href":"https:\/\/www.decoplafond.fr\/index.php\/wp-json\/wp\/v2\/tags?post=5360"}],"curies":[{"name":"wp","href":"https:\/\/api.w.org\/{rel}","templated":true}]}}