{"id":5328,"date":"2021-07-08T18:52:45","date_gmt":"2021-07-08T16:52:45","guid":{"rendered":"https:\/\/www.decoplafond.fr\/?p=5328"},"modified":"2021-07-22T12:49:04","modified_gmt":"2021-07-22T10:49:04","slug":"realisation-dun-plafond-tendu-blanc-mat-dans-un-appartement","status":"publish","type":"post","link":"https:\/\/www.decoplafond.fr\/index.php\/2021\/07\/08\/realisation-dun-plafond-tendu-blanc-mat-dans-un-appartement\/","title":{"rendered":"R\u00e9alisation d\u2019un plafond tendu blanc mat dans un appartement"},"content":{"rendered":"<p>L\u2019entreprise <strong>D\u00e9co Plafond<\/strong> s\u2019est mobilis\u00e9e pour r\u00e9aliser l\u2019installation d\u2019un <a href=\"https:\/\/www.decoplafond.fr\/index.php\/2021\/05\/12\/installation-de-plafonds-tendus-en-pvc-satine-blanc-dans-un-appartement\/\">plafond tendu<\/a> blanc mat dans un appartement du centre-ville de <strong>Marseille<\/strong>.<\/p>\n<p>Notre cliente a souhait\u00e9 retrouver les plafonds de son logement comme \u00e0 l\u2019\u00e9tat neuf et nous demand\u00e9 de r\u00e9aliser la pose d\u2019une toile qui ressemble le plus possible \u00e0 un plafond traditionnel en pl\u00e2tre blanc peint mais avec l\u2019avantage de n\u2019avoir ni poussi\u00e8re ni odeur.<\/p>\n<p>Le r\u00e9sultat obtenu correspond totalement aux attentes de notre cliente. L\u2019aspect mat qui adoucit la lumi\u00e8re de la pi\u00e8ce et le d\u00e9lai de r\u00e9alisation puisque nous l\u2019avons pos\u00e9 en un jour. Les photos qui accompagnent cette publication vous montreront la qualit\u00e9 du rendu final.<\/p>\n<p>Vous souhaitez faire r\u00e9aliser un <a href=\"https:\/\/www.decoplafond.fr\/index.php\/2021\/04\/11\/installation-de-plusieurs-plafonds-tendus-en-pvc-laque-blanc-dans-un-appartement\/\">plafond tendu<\/a>, un mur tendu, un plafond acoustique, un mur acoustique, un plafond miroir, un plafond laqu\u00e9 ou tout simplement des peintures ou d\u00e9corations d\u2019int\u00e9rieurs, <a href=\"https:\/\/www.decoplafond.fr\/contactez-nous\/\">contactez-nous<\/a>.<\/p>\n<p>Vous pouvez \u00e9galement nous \u00e9crire et si n\u00e9cessaire, nous envoyer des photos en utilisant le formulaire de contact disponible <a href=\"https:\/\/www.decoplafond.fr\/contactez-nous\/\">ici<\/a>.<\/p>\n<p>Nous sommes aussi joignables par t\u00e9l\u00e9phone au <a href=\"tel:0491854020\">04 91 85 40 20<\/a> et <a href=\"tel:0609505035\">06 09 50 50 35<\/a>.<\/p>\n<p>Notre adresse : 6 Boulevard Reynaud de Trets 13010 Marseille<\/p>\n","protected":false},"excerpt":{"rendered":"<p>L\u2019entreprise D\u00e9co Plafond s\u2019est mobilis\u00e9e pour r\u00e9aliser l\u2019installation d\u2019un plafond tendu blanc mat dans un appartement du centre-ville de Marseille. Notre cliente a souhait\u00e9 retrouver les plafonds de son logement comme \u00e0 l\u2019\u00e9tat neuf et nous demand\u00e9 de r\u00e9aliser la pose d\u2019une toile qui ressemble le plus possible \u00e0 un plafond traditionnel en pl\u00e2tre blanc<\/p>\n","protected":false},"author":1,"featured_media":5316,"comment_status":"closed","ping_status":"closed","sticky":false,"template":"","format":"standard","meta":{"footnotes":""},"categories":[51,87],"tags":[129,170,81,169],"class_list":["post-5328","post","type-post","status-publish","format-standard","has-post-thumbnail","hentry","category-plafond-tendu","category-plafond-tendu-a-froid","tag-plafond-blanc-marseille","tag-plafond-tendu-blanc-marseille","tag-plafond-tendu-marseille","tag-plafond-tendu-mat-marseille"],"_links":{"self":[{"href":"https:\/\/www.decoplafond.fr\/index.php\/wp-json\/wp\/v2\/posts\/5328","targetHints":{"allow":["GET"]}}],"collection":[{"href":"https:\/\/www.decoplafond.fr\/index.php\/wp-json\/wp\/v2\/posts"}],"about":[{"href":"https:\/\/www.decoplafond.fr\/index.php\/wp-json\/wp\/v2\/types\/post"}],"author":[{"embeddable":true,"href":"https:\/\/www.decoplafond.fr\/index.php\/wp-json\/wp\/v2\/users\/1"}],"replies":[{"embeddable":true,"href":"https:\/\/www.decoplafond.fr\/index.php\/wp-json\/wp\/v2\/comments?post=5328"}],"version-history":[{"count":0,"href":"https:\/\/www.decoplafond.fr\/index.php\/wp-json\/wp\/v2\/posts\/5328\/revisions"}],"wp:featuredmedia":[{"embeddable":true,"href":"https:\/\/www.decoplafond.fr\/index.php\/wp-json\/wp\/v2\/media\/5316"}],"wp:attachment":[{"href":"https:\/\/www.decoplafond.fr\/index.php\/wp-json\/wp\/v2\/media?parent=5328"}],"wp:term":[{"taxonomy":"category","embeddable":true,"href":"https:\/\/www.decoplafond.fr\/index.php\/wp-json\/wp\/v2\/categories?post=5328"},{"taxonomy":"post_tag","embeddable":true,"href":"https:\/\/www.decoplafond.fr\/index.php\/wp-json\/wp\/v2\/tags?post=5328"}],"curies":[{"name":"wp","href":"https:\/\/api.w.org\/{rel}","templated":true}]}}