{"id":5301,"date":"2021-07-02T19:12:25","date_gmt":"2021-07-02T17:12:25","guid":{"rendered":"https:\/\/www.decoplafond.fr\/?p=5301"},"modified":"2021-07-22T12:49:17","modified_gmt":"2021-07-22T10:49:17","slug":"plafond-tendu-laque-et-imprime-pour-une-cuisine","status":"publish","type":"post","link":"https:\/\/www.decoplafond.fr\/index.php\/2021\/07\/02\/plafond-tendu-laque-et-imprime-pour-une-cuisine\/","title":{"rendered":"Plafond tendu satin\u00e9 et imprim\u00e9 pour une cuisine"},"content":{"rendered":"<p>L\u2019entreprise <strong>D\u00e9co Plafond<\/strong> vient de r\u00e9aliser l\u2019installation d\u2019un <a href=\"https:\/\/www.decoplafond.fr\/index.php\/2021\/04\/11\/installation-de-plusieurs-plafonds-tendus-en-pvc-laque-blanc-dans-un-appartement\/\">plafond tendu brillant<\/a> et imprim\u00e9 dans la grande cuisine d\u2019une villa situ\u00e9e \u00e0 <strong>Roquefort la B\u00e9doule<\/strong>.<\/p>\n<p>Nos clients nous ont confi\u00e9 comme tache de compl\u00e9ter la r\u00e9novation de leur maison en recouvrant toute la surface de la cuisine par un tr\u00e8s beau et tr\u00e8s moderne <a href=\"https:\/\/www.decoplafond.fr\/index.php\/2021\/05\/12\/installation-de-plafonds-tendus-en-pvc-satine-blanc-dans-un-appartement\/\">plafond tendu<\/a> brillant et imprim\u00e9 de motifs.<\/p>\n<p>Le rendu laqu\u00e9 de celui-ci offre une grande r\u00e9flexion \u00e0 la lumi\u00e8re et un l\u00e9ger effet miroir qui permet d\u2019agrandir visuellement la pi\u00e8ce. Les photos qui accompagnent cet article, vous pr\u00e9sentent le r\u00e9sultat final de cette intervention.<\/p>\n<p>Nos clients sont satisfaits de l\u2019originalit\u00e9 et de la qualit\u00e9 du r\u00e9sultat obtenu.<\/p>\n<p>Vous souhaitez faire r\u00e9aliser un plafond tendu, un mur tendu, un plafond acoustique, un mur acoustique, un plafond miroir, un plafond laqu\u00e9 ou tout simplement des peintures ou d\u00e9corations d\u2019int\u00e9rieurs, <a href=\"https:\/\/www.decoplafond.fr\/contactez-nous\/\">contactez-nous<\/a>.<\/p>\n<p>Vous pouvez \u00e9galement nous \u00e9crire et si n\u00e9cessaire, nous envoyer des photos en utilisant le formulaire de contact disponible <a href=\"https:\/\/www.decoplafond.fr\/contactez-nous\/\">ici<\/a>.<\/p>\n<p>Nous sommes aussi joignables par t\u00e9l\u00e9phone au <a href=\"tel:0491854020\">04 91 85 40 20<\/a> et <a href=\"tel:0609505035\">06 09 50 50 35<\/a>.<\/p>\n<p>Notre adresse : 6 Boulevard Reynaud de Trets 13010 Marseille<\/p>\n","protected":false},"excerpt":{"rendered":"<p>L\u2019entreprise D\u00e9co Plafond vient de r\u00e9aliser l\u2019installation d\u2019un plafond tendu brillant et imprim\u00e9 dans la grande cuisine d\u2019une villa situ\u00e9e \u00e0 Roquefort la B\u00e9doule. Nos clients nous ont confi\u00e9 comme tache de compl\u00e9ter la r\u00e9novation de leur maison en recouvrant toute la surface de la cuisine par un tr\u00e8s beau et tr\u00e8s moderne plafond tendu<\/p>\n","protected":false},"author":1,"featured_media":5312,"comment_status":"closed","ping_status":"closed","sticky":false,"template":"","format":"standard","meta":{"footnotes":""},"categories":[92,86,73,51,87,82],"tags":[167,166,168,81,165],"class_list":["post-5301","post","type-post","status-publish","format-standard","has-post-thumbnail","hentry","category-plafon-tendu-satine","category-plafond-decoratif","category-plafond-mirroir","category-plafond-tendu","category-plafond-tendu-a-froid","category-plafond-tendu-laque","tag-plafond-imprime-roquefort-la-bedoule","tag-plafond-laque-roquefort-la-bedoule","tag-plafond-mirroir-roquefort-la-bedoule","tag-plafond-tendu-marseille","tag-plafond-tendu-roquefort-la-bedoule"],"_links":{"self":[{"href":"https:\/\/www.decoplafond.fr\/index.php\/wp-json\/wp\/v2\/posts\/5301","targetHints":{"allow":["GET"]}}],"collection":[{"href":"https:\/\/www.decoplafond.fr\/index.php\/wp-json\/wp\/v2\/posts"}],"about":[{"href":"https:\/\/www.decoplafond.fr\/index.php\/wp-json\/wp\/v2\/types\/post"}],"author":[{"embeddable":true,"href":"https:\/\/www.decoplafond.fr\/index.php\/wp-json\/wp\/v2\/users\/1"}],"replies":[{"embeddable":true,"href":"https:\/\/www.decoplafond.fr\/index.php\/wp-json\/wp\/v2\/comments?post=5301"}],"version-history":[{"count":0,"href":"https:\/\/www.decoplafond.fr\/index.php\/wp-json\/wp\/v2\/posts\/5301\/revisions"}],"wp:featuredmedia":[{"embeddable":true,"href":"https:\/\/www.decoplafond.fr\/index.php\/wp-json\/wp\/v2\/media\/5312"}],"wp:attachment":[{"href":"https:\/\/www.decoplafond.fr\/index.php\/wp-json\/wp\/v2\/media?parent=5301"}],"wp:term":[{"taxonomy":"category","embeddable":true,"href":"https:\/\/www.decoplafond.fr\/index.php\/wp-json\/wp\/v2\/categories?post=5301"},{"taxonomy":"post_tag","embeddable":true,"href":"https:\/\/www.decoplafond.fr\/index.php\/wp-json\/wp\/v2\/tags?post=5301"}],"curies":[{"name":"wp","href":"https:\/\/api.w.org\/{rel}","templated":true}]}}