{"id":5282,"date":"2021-06-25T16:30:39","date_gmt":"2021-06-25T14:30:39","guid":{"rendered":"https:\/\/www.decoplafond.fr\/?p=5282"},"modified":"2021-07-22T12:49:30","modified_gmt":"2021-07-22T10:49:30","slug":"plafond-tendu-sous-charpente","status":"publish","type":"post","link":"https:\/\/www.decoplafond.fr\/index.php\/2021\/06\/25\/plafond-tendu-sous-charpente\/","title":{"rendered":"Plafond Tendu sous charpente"},"content":{"rendered":"<p>L\u2019entreprise <strong>D\u00e9co Plafond<\/strong> a \u00e9t\u00e9 contact\u00e9e pour r\u00e9aliser un <a href=\"https:\/\/www.decoplafond.fr\/index.php\/2020\/12\/05\/plafond-tendu-pvc-laque-blanc\/\">plafond tendu<\/a> blanc dans une pi\u00e8ce avec une importante hauteur sous charpente.<\/p>\n<p>Ce chantier se situe \u00e0 <strong>Marseille<\/strong> et a n\u00e9cessit\u00e9 de composer avec pr\u00e9cision autour de chacun des diff\u00e9rents \u00e9l\u00e9ments de la charpente apparente.<\/p>\n<p>Ce plafond \u00e9tant compos\u00e9 d\u2019un grand nombre de poutres nous avons donc d\u00e9cid\u00e9 d\u2019ajuster le plus finement possible nos fixations qui doivent soutenir la toile en PVC blanc qui couvre l\u2019ensemble.<\/p>\n<p>Comme vous pouvez le constater sur les photos, nos clients ont choisi un plafond qui s\u2019accorde \u00e0 la perfection avec la d\u00e9coration existante.<\/p>\n<p>Le rendu final offre une tr\u00e8s belle perspective et le plafond tendu apporte plus de luminosit\u00e9 gr\u00e2ce \u00e0 son aspect laqu\u00e9.<\/p>\n<p>Vous souhaitez faire r\u00e9aliser un plafond tendu, un mur tendu, un plafond acoustique, un mur acoustique, <a href=\"https:\/\/www.decoplafond.fr\/index.php\/2021\/01\/29\/realisation-dun-plafond-tendu-pvc-laque-blanc-dans-un-appartement\/\">un plafond miroir<\/a>, un <a href=\"https:\/\/www.decoplafond.fr\/index.php\/2020\/12\/19\/installation-dun-plafond-tendu-laque-blanc-dans-une-salle-de-bain\/\">plafond laqu\u00e9<\/a> ou tout simplement des peintures ou d\u00e9corations d\u2019int\u00e9rieurs, <a href=\"https:\/\/www.decoplafond.fr\/contactez-nous\/\">contactez-nous<\/a>.<\/p>\n<p>Vous pouvez \u00e9galement nous \u00e9crire et si n\u00e9cessaire, nous envoyer des photos en utilisant le formulaire de contact disponible <a href=\"https:\/\/www.decoplafond.fr\/contactez-nous\/\">ici<\/a>.<\/p>\n<p>Nous sommes aussi joignables par t\u00e9l\u00e9phone au <a href=\"tel:0491854020\">04 91 85 40 20<\/a> et <a href=\"tel:0609505035\">06 09 50 50 35<\/a>.<\/p>\n<p>Notre adresse : 6 Boulevard Reynaud de Trets 13010 Marseille<\/p>\n","protected":false},"excerpt":{"rendered":"<p>L\u2019entreprise D\u00e9co Plafond a \u00e9t\u00e9 contact\u00e9e pour r\u00e9aliser un plafond tendu blanc dans une pi\u00e8ce avec une importante hauteur sous charpente. Ce chantier se situe \u00e0 Marseille et a n\u00e9cessit\u00e9 de composer avec pr\u00e9cision autour de chacun des diff\u00e9rents \u00e9l\u00e9ments de la charpente apparente. Ce plafond \u00e9tant compos\u00e9 d\u2019un grand nombre de poutres nous avons<\/p>\n","protected":false},"author":1,"featured_media":5087,"comment_status":"closed","ping_status":"closed","sticky":false,"template":"","format":"standard","meta":{"footnotes":""},"categories":[92,51,87,82],"tags":[111,81,164,110],"class_list":["post-5282","post","type-post","status-publish","format-standard","has-post-thumbnail","hentry","category-plafon-tendu-satine","category-plafond-tendu","category-plafond-tendu-a-froid","category-plafond-tendu-laque","tag-plafond-laque-marseille","tag-plafond-tendu-marseille","tag-plafond-tendu-sous-charpente-marseille","tag-toile-tendue-marseille"],"_links":{"self":[{"href":"https:\/\/www.decoplafond.fr\/index.php\/wp-json\/wp\/v2\/posts\/5282","targetHints":{"allow":["GET"]}}],"collection":[{"href":"https:\/\/www.decoplafond.fr\/index.php\/wp-json\/wp\/v2\/posts"}],"about":[{"href":"https:\/\/www.decoplafond.fr\/index.php\/wp-json\/wp\/v2\/types\/post"}],"author":[{"embeddable":true,"href":"https:\/\/www.decoplafond.fr\/index.php\/wp-json\/wp\/v2\/users\/1"}],"replies":[{"embeddable":true,"href":"https:\/\/www.decoplafond.fr\/index.php\/wp-json\/wp\/v2\/comments?post=5282"}],"version-history":[{"count":0,"href":"https:\/\/www.decoplafond.fr\/index.php\/wp-json\/wp\/v2\/posts\/5282\/revisions"}],"wp:featuredmedia":[{"embeddable":true,"href":"https:\/\/www.decoplafond.fr\/index.php\/wp-json\/wp\/v2\/media\/5087"}],"wp:attachment":[{"href":"https:\/\/www.decoplafond.fr\/index.php\/wp-json\/wp\/v2\/media?parent=5282"}],"wp:term":[{"taxonomy":"category","embeddable":true,"href":"https:\/\/www.decoplafond.fr\/index.php\/wp-json\/wp\/v2\/categories?post=5282"},{"taxonomy":"post_tag","embeddable":true,"href":"https:\/\/www.decoplafond.fr\/index.php\/wp-json\/wp\/v2\/tags?post=5282"}],"curies":[{"name":"wp","href":"https:\/\/api.w.org\/{rel}","templated":true}]}}