{"id":5270,"date":"2021-06-04T12:56:44","date_gmt":"2021-06-04T10:56:44","guid":{"rendered":"https:\/\/www.decoplafond.fr\/?p=5270"},"modified":"2021-07-22T12:50:07","modified_gmt":"2021-07-22T10:50:07","slug":"pose-de-plusieurs-plafonds-tendus-laques-blanc","status":"publish","type":"post","link":"https:\/\/www.decoplafond.fr\/index.php\/2021\/06\/04\/pose-de-plusieurs-plafonds-tendus-laques-blanc\/","title":{"rendered":"Pose de plusieurs plafonds tendus laqu\u00e9s blanc"},"content":{"rendered":"<p>L\u2019entreprise <strong>D\u00e9co Plafond<\/strong> vient de terminer la mise en place de plusieurs plafonds tendus dans le 8<sup>e<\/sup> arrondissement de <strong>Marseille<\/strong>.<\/p>\n<p>Nos clients nous ont demand\u00e9 de refaire l&rsquo;ensemble des plafonds de leur appartement en les rempla\u00e7ant par des <a href=\"https:\/\/www.decoplafond.fr\/index.php\/2021\/02\/28\/plafond-tendu-laque-blanc-sous-charpente\/\">plafonds tendus<\/a> laqu\u00e9 blanc dans le s\u00e9jour, la cuisine, la salle d\u2019eau, les chambres et le d\u00e9gagement.<\/p>\n<p>Ce type de toile offre un rendu d\u2019une grande luminosit\u00e9 et un effet miroir qui semble agrandir la pi\u00e8ce. Comme vous pouvez le constater sur les photos jointes, le r\u00e9sultat rajeunit et r\u00e9affirme le design et la d\u00e9coration du salon et des chambres.<\/p>\n<p>Nos clients sont satisfaits du travail r\u00e9alis\u00e9 et du r\u00e9sultat obtenu.<\/p>\n<p>Vous souhaitez faire r\u00e9aliser un plafond tendu, un mur tendu, un plafond acoustique, un mur acoustique, <a href=\"https:\/\/www.decoplafond.fr\/index.php\/plafonds-miroirs\/\">un plafond miroir<\/a>, un plafond laqu\u00e9 ou tout simplement des peintures ou d\u00e9corations d\u2019int\u00e9rieurs, <a href=\"https:\/\/www.decoplafond.fr\/contactez-nous\/\">contactez-nous<\/a>.<\/p>\n<p>Vous pouvez \u00e9galement nous \u00e9crire et si n\u00e9cessaire, nous envoyer des photos en utilisant le formulaire de contact disponible <a href=\"https:\/\/www.decoplafond.fr\/contactez-nous\/\">ici<\/a>.<\/p>\n<p>Nous sommes aussi joignables par t\u00e9l\u00e9phone au <a href=\"tel:0491854020\">04 91 85 40 20<\/a> et <a href=\"tel:0609505035\">06 09 50 50 35<\/a>.<\/p>\n<p>Notre adresse : 6 Boulevard Reynaud de Trets 13010 Marseille<\/p>\n","protected":false},"excerpt":{"rendered":"<p>L\u2019entreprise D\u00e9co Plafond vient de terminer la mise en place de plusieurs plafonds tendus dans le 8e arrondissement de Marseille. Nos clients nous ont demand\u00e9 de refaire l&rsquo;ensemble des plafonds de leur appartement en les rempla\u00e7ant par des plafonds tendus laqu\u00e9 blanc dans le s\u00e9jour, la cuisine, la salle d\u2019eau, les chambres et le d\u00e9gagement.<\/p>\n","protected":false},"author":1,"featured_media":5181,"comment_status":"closed","ping_status":"closed","sticky":false,"template":"","format":"standard","meta":{"footnotes":""},"categories":[72,73,51,87],"tags":[111,114,150],"class_list":["post-5270","post","type-post","status-publish","format-standard","has-post-thumbnail","hentry","category-archive","category-plafond-mirroir","category-plafond-tendu","category-plafond-tendu-a-froid","tag-plafond-laque-marseille","tag-plafond-tendu-laque-marseille","tag-plafond-tendus-marseille"],"_links":{"self":[{"href":"https:\/\/www.decoplafond.fr\/index.php\/wp-json\/wp\/v2\/posts\/5270","targetHints":{"allow":["GET"]}}],"collection":[{"href":"https:\/\/www.decoplafond.fr\/index.php\/wp-json\/wp\/v2\/posts"}],"about":[{"href":"https:\/\/www.decoplafond.fr\/index.php\/wp-json\/wp\/v2\/types\/post"}],"author":[{"embeddable":true,"href":"https:\/\/www.decoplafond.fr\/index.php\/wp-json\/wp\/v2\/users\/1"}],"replies":[{"embeddable":true,"href":"https:\/\/www.decoplafond.fr\/index.php\/wp-json\/wp\/v2\/comments?post=5270"}],"version-history":[{"count":0,"href":"https:\/\/www.decoplafond.fr\/index.php\/wp-json\/wp\/v2\/posts\/5270\/revisions"}],"wp:featuredmedia":[{"embeddable":true,"href":"https:\/\/www.decoplafond.fr\/index.php\/wp-json\/wp\/v2\/media\/5181"}],"wp:attachment":[{"href":"https:\/\/www.decoplafond.fr\/index.php\/wp-json\/wp\/v2\/media?parent=5270"}],"wp:term":[{"taxonomy":"category","embeddable":true,"href":"https:\/\/www.decoplafond.fr\/index.php\/wp-json\/wp\/v2\/categories?post=5270"},{"taxonomy":"post_tag","embeddable":true,"href":"https:\/\/www.decoplafond.fr\/index.php\/wp-json\/wp\/v2\/tags?post=5270"}],"curies":[{"name":"wp","href":"https:\/\/api.w.org\/{rel}","templated":true}]}}