{"id":5267,"date":"2021-06-04T12:50:03","date_gmt":"2021-06-04T10:50:03","guid":{"rendered":"https:\/\/www.decoplafond.fr\/?p=5267"},"modified":"2021-07-22T12:50:18","modified_gmt":"2021-07-22T10:50:18","slug":"plafond-tendu-gris-perle","status":"publish","type":"post","link":"https:\/\/www.decoplafond.fr\/index.php\/2021\/06\/04\/plafond-tendu-gris-perle\/","title":{"rendered":"Plafond tendu gris-perle"},"content":{"rendered":"<p>Notre client, un particulier demeurant \u00e0 <strong>Marseille<\/strong>, nous a contact\u00e9 pour effectuer la pose d\u2019un plafond tendu gris-perle satin\u00e9 dans une chambre \u00e0 coucher.<\/p>\n<p>C\u2019est dans cette chambre d\u2019une surface d\u2019environ 12m\u00b2 \u00e9quip\u00e9e d\u2019un grand placard occupant tout un pan de mur du sol au plafond, d\u2019une climatisation r\u00e9versible install\u00e9e au-dessus de la porte et d\u2019une fen\u00eatre que nous avons commenc\u00e9 par fixer les profil\u00e9s n\u00e9cessaires au maintien de la toile en vinyle satin\u00e9e qui recouvrira l\u2019ancien plafond.<\/p>\n<p>Cette pi\u00e8ce aux dimensions conventionnelles convient parfaitement \u00e0 une installation rapide d\u2019un <a href=\"https:\/\/www.decoplafond.fr\/index.php\/2020\/10\/03\/realisation-dun-plafond-tendu-a-marseille\/\">plafond tendu<\/a>. La couleur gris-perle sur un support satin\u00e9 offre \u00e0 cette pi\u00e8ce une luminosit\u00e9 douce id\u00e9ale pour une chambre.<\/p>\n<p>Vous souhaitez faire r\u00e9aliser un <a href=\"https:\/\/www.decoplafond.fr\/index.php\/2020\/12\/05\/plafond-tendu-pvc-laque-blanc\/\">plafond tendu<\/a>, un mur tendu, un <a href=\"https:\/\/www.decoplafond.fr\/index.php\/2020\/11\/28\/realisation-dun-plafond-tendu-acoustique-et-decoratif\/\">plafond acoustique<\/a>, un mur acoustique, un plafond miroir, un plafond laqu\u00e9 ou tout simplement des peintures ou d\u00e9corations d\u2019int\u00e9rieurs, <a href=\"https:\/\/www.decoplafond.fr\/contactez-nous\/\">contactez-nous<\/a>.<\/p>\n<p>Vous pouvez \u00e9galement nous \u00e9crire et si n\u00e9cessaire, nous envoyer des photos en utilisant le formulaire de contact disponible <a href=\"https:\/\/www.decoplafond.fr\/contactez-nous\/\">ici<\/a>.<\/p>\n<p>Nous sommes aussi joignables par t\u00e9l\u00e9phone au <a href=\"tel:0491854020\">04 91 85 40 20<\/a> et <a href=\"tel:0609505035\">06 09 50 50 35<\/a>.<\/p>\n<p>Notre adresse : 6 Boulevard Reynaud de Trets 13010 <strong>Marseille<\/strong><\/p>\n","protected":false},"excerpt":{"rendered":"<p>Notre client, un particulier demeurant \u00e0 Marseille, nous a contact\u00e9 pour effectuer la pose d\u2019un plafond tendu gris-perle satin\u00e9 dans une chambre \u00e0 coucher. C\u2019est dans cette chambre d\u2019une surface d\u2019environ 12m\u00b2 \u00e9quip\u00e9e d\u2019un grand placard occupant tout un pan de mur du sol au plafond, d\u2019une climatisation r\u00e9versible install\u00e9e au-dessus de la porte et<\/p>\n","protected":false},"author":1,"featured_media":4905,"comment_status":"closed","ping_status":"closed","sticky":false,"template":"","format":"standard","meta":{"footnotes":""},"categories":[72,51,82],"tags":[56,60,81,63],"class_list":["post-5267","post","type-post","status-publish","format-standard","has-post-thumbnail","hentry","category-archive","category-plafond-tendu","category-plafond-tendu-laque","tag-marseille","tag-plafond-tendu","tag-plafond-tendu-marseille","tag-plafond-tendu-satine"],"_links":{"self":[{"href":"https:\/\/www.decoplafond.fr\/index.php\/wp-json\/wp\/v2\/posts\/5267","targetHints":{"allow":["GET"]}}],"collection":[{"href":"https:\/\/www.decoplafond.fr\/index.php\/wp-json\/wp\/v2\/posts"}],"about":[{"href":"https:\/\/www.decoplafond.fr\/index.php\/wp-json\/wp\/v2\/types\/post"}],"author":[{"embeddable":true,"href":"https:\/\/www.decoplafond.fr\/index.php\/wp-json\/wp\/v2\/users\/1"}],"replies":[{"embeddable":true,"href":"https:\/\/www.decoplafond.fr\/index.php\/wp-json\/wp\/v2\/comments?post=5267"}],"version-history":[{"count":0,"href":"https:\/\/www.decoplafond.fr\/index.php\/wp-json\/wp\/v2\/posts\/5267\/revisions"}],"wp:featuredmedia":[{"embeddable":true,"href":"https:\/\/www.decoplafond.fr\/index.php\/wp-json\/wp\/v2\/media\/4905"}],"wp:attachment":[{"href":"https:\/\/www.decoplafond.fr\/index.php\/wp-json\/wp\/v2\/media?parent=5267"}],"wp:term":[{"taxonomy":"category","embeddable":true,"href":"https:\/\/www.decoplafond.fr\/index.php\/wp-json\/wp\/v2\/categories?post=5267"},{"taxonomy":"post_tag","embeddable":true,"href":"https:\/\/www.decoplafond.fr\/index.php\/wp-json\/wp\/v2\/tags?post=5267"}],"curies":[{"name":"wp","href":"https:\/\/api.w.org\/{rel}","templated":true}]}}