{"id":5210,"date":"2021-04-17T18:25:58","date_gmt":"2021-04-17T16:25:58","guid":{"rendered":"https:\/\/www.decoplafond.fr\/?p=5210"},"modified":"2021-07-22T12:51:19","modified_gmt":"2021-07-22T10:51:19","slug":"realisation-du-plafond-de-lespace-nomme-la-coque","status":"publish","type":"post","link":"https:\/\/www.decoplafond.fr\/index.php\/2021\/04\/17\/realisation-du-plafond-de-lespace-nomme-la-coque\/","title":{"rendered":"R\u00e9alisation du plafond de l&rsquo;espace nomm\u00e9 La Coque"},"content":{"rendered":"<p>Nous vous pr\u00e9sentons aujourd\u2019hui, ce chantier r\u00e9alis\u00e9 \u00e0 <strong>Marseille<\/strong>, rue des Docks dans l\u2019\u00e9tablissement nomm\u00e9 \u00ab <strong>La Coque<\/strong> \u00bb sp\u00e9cialis\u00e9 dans l\u2019\u00e9v\u00e9nementiel professionnel.<\/p>\n<p>Notre client a souhait\u00e9 associer au <a href=\"https:\/\/www.decoplafond.fr\/index.php\/2021\/03\/28\/conception-et-mise-en-place-dun-cadre-acoustique-suspendu\/\">plafond <\/a>des cadres acoustiques ainsi qu&rsquo;un \u00e9clairage indirect afin de d\u00e9finir une ambiance de travail et d&rsquo;\u00e9coute particuli\u00e8re dans cet espace principalement d\u00e9di\u00e9 aux entreprises et aux conf\u00e9rences.<\/p>\n<p>Des cadres circulaires en aluminium compos\u00e9s d&rsquo;un absorbeur phonique, d&rsquo;une toile \u00ab PVC \u00bb micro-perfor\u00e9e et de projecteurs \u00ab\u00a0LED\u00a0\u00bb constituent les \u00e9l\u00e9ments principaux de de ce nouvel environnement. Celui-ci, afin d\u2019offrir un plus grand confort d\u2019\u00e9coute, a tout de m\u00eame n\u00e9cessit\u00e9 l\u2019ajout de toiles acoustiques murales avec molleton qui permettent d\u2019associer l\u2019acoustique aux \u00e9crans de projection vid\u00e9o.<\/p>\n<p>Vous souhaitez faire r\u00e9aliser un plafond tendu, un mur tendu, un <a href=\"https:\/\/www.decoplafond.fr\/index.php\/2021\/03\/21\/installation-de-plafonds-tendus-translucides-et-retroeclaires\/\">plafond acoustique<\/a>, un mur acoustique, un plafond miroir, un plafond laqu\u00e9 ou tout simplement des peintures ou d\u00e9corations d\u2019int\u00e9rieurs, <a href=\"https:\/\/www.decoplafond.fr\/contactez-nous\/\">contactez-nous<\/a>.<\/p>\n<p>Vous pouvez \u00e9galement nous \u00e9crire et si n\u00e9cessaire, nous envoyer des photos en utilisant le formulaire de contact disponible <a href=\"https:\/\/www.decoplafond.fr\/contactez-nous\/\">ici<\/a>.<\/p>\n<p>Nous sommes aussi joignables par t\u00e9l\u00e9phone au <a href=\"tel:0491854020\">04 91 85 40 20<\/a> et <a href=\"tel:0609505035\">06 09 50 50 35<\/a>.<\/p>\n<p>Notre adresse : 6 Boulevard Reynaud de Trets 13010 Marseille<\/p>\n<p>&nbsp;<\/p>\n<div style=\"width: 1170px;\" class=\"wp-video\"><video class=\"wp-video-shortcode\" id=\"video-5210-1\" width=\"1170\" height=\"658\" preload=\"metadata\" controls=\"controls\"><source type=\"video\/mp4\" src=\"https:\/\/www.decoplafond.fr\/wp-content\/uploads\/2021\/04\/20180111_121205.mp4?_=1\" \/><a href=\"https:\/\/www.decoplafond.fr\/wp-content\/uploads\/2021\/04\/20180111_121205.mp4\">https:\/\/www.decoplafond.fr\/wp-content\/uploads\/2021\/04\/20180111_121205.mp4<\/a><\/video><\/div>\n<p>&nbsp;<\/p>\n","protected":false},"excerpt":{"rendered":"<p>Nous vous pr\u00e9sentons aujourd\u2019hui, ce chantier r\u00e9alis\u00e9 \u00e0 Marseille, rue des Docks dans l\u2019\u00e9tablissement nomm\u00e9 \u00ab La Coque \u00bb sp\u00e9cialis\u00e9 dans l\u2019\u00e9v\u00e9nementiel professionnel. Notre client a souhait\u00e9 associer au plafond des cadres acoustiques ainsi qu&rsquo;un \u00e9clairage indirect afin de d\u00e9finir une ambiance de travail et d&rsquo;\u00e9coute particuli\u00e8re dans cet espace principalement d\u00e9di\u00e9 aux entreprises et<\/p>\n","protected":false},"author":1,"featured_media":5207,"comment_status":"closed","ping_status":"closed","sticky":false,"template":"","format":"standard","meta":{"footnotes":""},"categories":[54,53,52,51,149],"tags":[154,153,155,156],"class_list":["post-5210","post","type-post","status-publish","format-standard","has-post-thumbnail","hentry","category-mur-acoustique","category-plafond-acoustique","category-plafond-micro-perfore","category-plafond-tendu","category-plafond-tendu-retroeclaire","tag-les-docks-marseille","tag-plafond-les-docks","tag-plafond-les-docks-marseille","tag-plafond-tendu-les-docks"],"_links":{"self":[{"href":"https:\/\/www.decoplafond.fr\/index.php\/wp-json\/wp\/v2\/posts\/5210","targetHints":{"allow":["GET"]}}],"collection":[{"href":"https:\/\/www.decoplafond.fr\/index.php\/wp-json\/wp\/v2\/posts"}],"about":[{"href":"https:\/\/www.decoplafond.fr\/index.php\/wp-json\/wp\/v2\/types\/post"}],"author":[{"embeddable":true,"href":"https:\/\/www.decoplafond.fr\/index.php\/wp-json\/wp\/v2\/users\/1"}],"replies":[{"embeddable":true,"href":"https:\/\/www.decoplafond.fr\/index.php\/wp-json\/wp\/v2\/comments?post=5210"}],"version-history":[{"count":0,"href":"https:\/\/www.decoplafond.fr\/index.php\/wp-json\/wp\/v2\/posts\/5210\/revisions"}],"wp:featuredmedia":[{"embeddable":true,"href":"https:\/\/www.decoplafond.fr\/index.php\/wp-json\/wp\/v2\/media\/5207"}],"wp:attachment":[{"href":"https:\/\/www.decoplafond.fr\/index.php\/wp-json\/wp\/v2\/media?parent=5210"}],"wp:term":[{"taxonomy":"category","embeddable":true,"href":"https:\/\/www.decoplafond.fr\/index.php\/wp-json\/wp\/v2\/categories?post=5210"},{"taxonomy":"post_tag","embeddable":true,"href":"https:\/\/www.decoplafond.fr\/index.php\/wp-json\/wp\/v2\/tags?post=5210"}],"curies":[{"name":"wp","href":"https:\/\/api.w.org\/{rel}","templated":true}]}}