{"id":5190,"date":"2021-04-11T13:15:55","date_gmt":"2021-04-11T11:15:55","guid":{"rendered":"https:\/\/www.decoplafond.fr\/?p=5190"},"modified":"2021-07-22T12:51:31","modified_gmt":"2021-07-22T10:51:31","slug":"installation-de-plusieurs-plafonds-tendus-en-pvc-laque-blanc-dans-un-appartement","status":"publish","type":"post","link":"https:\/\/www.decoplafond.fr\/index.php\/2021\/04\/11\/installation-de-plusieurs-plafonds-tendus-en-pvc-laque-blanc-dans-un-appartement\/","title":{"rendered":"Installation de plusieurs plafonds tendus en PVC laqu\u00e9 blanc dans un appartement"},"content":{"rendered":"<p>L\u2019entreprise <strong>D\u00e9co Plafond<\/strong> vient de terminer la mise en place de plusieurs plafonds tendus dans un appartement situ\u00e9 r\u00e9sidence <strong>la Cadenelle<\/strong> dans le 8<sup>e<\/sup> arrondissement de <strong>Marseille<\/strong>.<\/p>\n<p>Nos clients nous ont confi\u00e9 comme tache de refaire les plafonds de leur appartement en recouvrant l\u2019ensemble par des <a href=\"https:\/\/www.decoplafond.fr\/index.php\/2021\/02\/28\/plafond-tendu-laque-blanc-sous-charpente\/\">plafonds tendus<\/a> en PVC laqu\u00e9 blanc dans le s\u00e9jour, la cuisine, la salle d\u2019eau, les chambres et le d\u00e9gagement.<\/p>\n<p>Ce type de toile tendu offre un rendu d\u2019une grande luminosit\u00e9 et un l\u00e9ger effet miroir qui semble agrandir la pi\u00e8ce. Comme vous pouvez le constater sur les photos jointes, le r\u00e9sultat rajeunit et r\u00e9affirme le design et la d\u00e9coration du salon et des chambres.<\/p>\n<p>Nos clients sont tr\u00e8s satisfaits du travail r\u00e9alis\u00e9 et du r\u00e9sultat obtenu.<\/p>\n<p>Vous souhaitez faire r\u00e9aliser un plafond tendu, un mur tendu, un plafond acoustique, un mur acoustique, <a href=\"https:\/\/www.decoplafond.fr\/index.php\/plafonds-miroirs\/\">un plafond miroir<\/a>, un plafond laqu\u00e9 ou tout simplement des peintures ou d\u00e9corations d\u2019int\u00e9rieurs, <a href=\"https:\/\/www.decoplafond.fr\/contactez-nous\/\">contactez-nous<\/a>.<\/p>\n<p>Vous pouvez \u00e9galement nous \u00e9crire et si n\u00e9cessaire, nous envoyer des photos en utilisant le formulaire de contact disponible <a href=\"https:\/\/www.decoplafond.fr\/contactez-nous\/\">ici<\/a>.<\/p>\n<p>Nous sommes aussi joignables par t\u00e9l\u00e9phone au <a href=\"tel:0491854020\">04 91 85 40 20<\/a> et <a href=\"tel:0609505035\">06 09 50 50 35<\/a>.<\/p>\n<p>Notre adresse : 6 Boulevard Reynaud de Trets 13010 Marseille<\/p>\n","protected":false},"excerpt":{"rendered":"<p>L\u2019entreprise D\u00e9co Plafond vient de terminer la mise en place de plusieurs plafonds tendus dans un appartement situ\u00e9 r\u00e9sidence la Cadenelle dans le 8e arrondissement de Marseille. Nos clients nous ont confi\u00e9 comme tache de refaire les plafonds de leur appartement en recouvrant l\u2019ensemble par des plafonds tendus en PVC laqu\u00e9 blanc dans le s\u00e9jour,<\/p>\n","protected":false},"author":1,"featured_media":5181,"comment_status":"closed","ping_status":"closed","sticky":false,"template":"","format":"standard","meta":{"footnotes":""},"categories":[92,73,51,87],"tags":[56,111,152,151,150],"class_list":["post-5190","post","type-post","status-publish","format-standard","has-post-thumbnail","hentry","category-plafon-tendu-satine","category-plafond-mirroir","category-plafond-tendu","category-plafond-tendu-a-froid","tag-marseille","tag-plafond-laque-marseille","tag-plafond-mirroir-marseille","tag-plafond-tendu-la-cdenelle","tag-plafond-tendus-marseille"],"_links":{"self":[{"href":"https:\/\/www.decoplafond.fr\/index.php\/wp-json\/wp\/v2\/posts\/5190","targetHints":{"allow":["GET"]}}],"collection":[{"href":"https:\/\/www.decoplafond.fr\/index.php\/wp-json\/wp\/v2\/posts"}],"about":[{"href":"https:\/\/www.decoplafond.fr\/index.php\/wp-json\/wp\/v2\/types\/post"}],"author":[{"embeddable":true,"href":"https:\/\/www.decoplafond.fr\/index.php\/wp-json\/wp\/v2\/users\/1"}],"replies":[{"embeddable":true,"href":"https:\/\/www.decoplafond.fr\/index.php\/wp-json\/wp\/v2\/comments?post=5190"}],"version-history":[{"count":0,"href":"https:\/\/www.decoplafond.fr\/index.php\/wp-json\/wp\/v2\/posts\/5190\/revisions"}],"wp:featuredmedia":[{"embeddable":true,"href":"https:\/\/www.decoplafond.fr\/index.php\/wp-json\/wp\/v2\/media\/5181"}],"wp:attachment":[{"href":"https:\/\/www.decoplafond.fr\/index.php\/wp-json\/wp\/v2\/media?parent=5190"}],"wp:term":[{"taxonomy":"category","embeddable":true,"href":"https:\/\/www.decoplafond.fr\/index.php\/wp-json\/wp\/v2\/categories?post=5190"},{"taxonomy":"post_tag","embeddable":true,"href":"https:\/\/www.decoplafond.fr\/index.php\/wp-json\/wp\/v2\/tags?post=5190"}],"curies":[{"name":"wp","href":"https:\/\/api.w.org\/{rel}","templated":true}]}}