{"id":5157,"date":"2021-03-28T13:23:17","date_gmt":"2021-03-28T11:23:17","guid":{"rendered":"https:\/\/www.decoplafond.fr\/?p=5157"},"modified":"2021-07-23T16:32:21","modified_gmt":"2021-07-23T14:32:21","slug":"conception-et-mise-en-place-dun-cadre-acoustique-suspendu","status":"publish","type":"post","link":"https:\/\/www.decoplafond.fr\/index.php\/2021\/03\/28\/conception-et-mise-en-place-dun-cadre-acoustique-suspendu\/","title":{"rendered":"Conception et mise en place d\u2019un cadre acoustique suspendu"},"content":{"rendered":"<p>Les \u00ab\u00a0Open-spaces\u00a0\u00bb sont connus pour leur inconfort acoustique et leurs effets n\u00e9gatifs sur le confort de travail des salari\u00e9s.<\/p>\n<p>Le cabinet d\u2019architecture Tangram nous a contact\u00e9 afin de d\u2019apporter une solution qui vise \u00e0 r\u00e9duit le bruit ambiant dans leur atelier situ\u00e9 \u00e0 <strong>Marseille<\/strong>. Apr\u00e8s avoir \u00e9tudi\u00e9 les possibilit\u00e9s et les lieux, nous avons fix\u00e9 notre choix sur un <a href=\"https:\/\/www.decoplafond.fr\/index.php\/2020\/11\/28\/realisation-dun-plafond-tendu-acoustique-et-decoratif\/\">cadre acoustique<\/a> de marque Clispo.<\/p>\n<p>Ce cadre a n\u00e9cessit\u00e9 un premier montage en atelier afin d\u2019en garantir le bon fonctionnement et un d\u00e9montage avant installation chez notre client. La fixation est r\u00e9alis\u00e9e par des c\u00e2bles de suspension en acier, fix\u00e9s aux poutres des combles.<\/p>\n<p>L\u2019ensemble se pr\u00e9sente sous la forme d\u2019un cadre en aluminium en forme de trap\u00e8ze compos\u00e9 dans sa partie int\u00e9rieure d\u2019une laine acoustique de 50mm et recouvert d\u2019une <a href=\"https:\/\/www.decoplafond.fr\/index.php\/2021\/03\/21\/installation-de-plafonds-tendus-translucides-et-retroeclaires\/\">toile tendue<\/a> de marque Clispo. Cet \u00e9l\u00e9ment, une fois termin\u00e9 et pos\u00e9 a permis d\u2019obtenir une importante r\u00e9duction du bruit ambiant dans l\u2019open-space.<\/p>\n<p>Vous souhaitez faire r\u00e9aliser un plafond tendu, un mur tendu, un plafond acoustique, un mur acoustique, un plafond miroir, un plafond laqu\u00e9 ou tout simplement des peintures ou d\u00e9corations d\u2019int\u00e9rieurs, <a href=\"https:\/\/www.decoplafond.fr\/contactez-nous\/\">contactez-nous<\/a>.<\/p>\n<p>Vous pouvez \u00e9galement nous \u00e9crire et si n\u00e9cessaire, nous envoyer des photos en utilisant le formulaire de contact disponible <a href=\"https:\/\/www.decoplafond.fr\/contactez-nous\/\">ici<\/a>.<\/p>\n<p>Nous sommes aussi joignables par t\u00e9l\u00e9phone au <a href=\"tel:0491854020\">04 91 85 40 20<\/a> et <a href=\"tel:0609505035\">06 09 50 50 35<\/a>.<\/p>\n<p>Notre adresse : 6 Boulevard Reynaud de Trets 13010 Marseille<\/p>\n","protected":false},"excerpt":{"rendered":"<p>Les \u00ab\u00a0Open-spaces\u00a0\u00bb sont connus pour leur inconfort acoustique et leurs effets n\u00e9gatifs sur le confort de travail des salari\u00e9s. Le cabinet d\u2019architecture Tangram nous a contact\u00e9 afin de d\u2019apporter une solution qui vise \u00e0 r\u00e9duit le bruit ambiant dans leur atelier situ\u00e9 \u00e0 Marseille. Apr\u00e8s avoir \u00e9tudi\u00e9 les possibilit\u00e9s et les lieux, nous avons fix\u00e9<\/p>\n","protected":false},"author":1,"featured_media":5151,"comment_status":"closed","ping_status":"closed","sticky":false,"template":"","format":"standard","meta":{"footnotes":""},"categories":[53,86,51],"tags":[148,70,106,147],"class_list":["post-5157","post","type-post","status-publish","format-standard","has-post-thumbnail","hentry","category-plafond-acoustique","category-plafond-decoratif","category-plafond-tendu","tag-bruit-open-space","tag-plafond-acoustique","tag-plafond-acoustique-marseille","tag-plafond-open-space"],"_links":{"self":[{"href":"https:\/\/www.decoplafond.fr\/index.php\/wp-json\/wp\/v2\/posts\/5157","targetHints":{"allow":["GET"]}}],"collection":[{"href":"https:\/\/www.decoplafond.fr\/index.php\/wp-json\/wp\/v2\/posts"}],"about":[{"href":"https:\/\/www.decoplafond.fr\/index.php\/wp-json\/wp\/v2\/types\/post"}],"author":[{"embeddable":true,"href":"https:\/\/www.decoplafond.fr\/index.php\/wp-json\/wp\/v2\/users\/1"}],"replies":[{"embeddable":true,"href":"https:\/\/www.decoplafond.fr\/index.php\/wp-json\/wp\/v2\/comments?post=5157"}],"version-history":[{"count":0,"href":"https:\/\/www.decoplafond.fr\/index.php\/wp-json\/wp\/v2\/posts\/5157\/revisions"}],"wp:featuredmedia":[{"embeddable":true,"href":"https:\/\/www.decoplafond.fr\/index.php\/wp-json\/wp\/v2\/media\/5151"}],"wp:attachment":[{"href":"https:\/\/www.decoplafond.fr\/index.php\/wp-json\/wp\/v2\/media?parent=5157"}],"wp:term":[{"taxonomy":"category","embeddable":true,"href":"https:\/\/www.decoplafond.fr\/index.php\/wp-json\/wp\/v2\/categories?post=5157"},{"taxonomy":"post_tag","embeddable":true,"href":"https:\/\/www.decoplafond.fr\/index.php\/wp-json\/wp\/v2\/tags?post=5157"}],"curies":[{"name":"wp","href":"https:\/\/api.w.org\/{rel}","templated":true}]}}