{"id":5105,"date":"2021-03-15T14:09:48","date_gmt":"2021-03-15T13:09:48","guid":{"rendered":"https:\/\/www.decoplafond.fr\/?p=5105"},"modified":"2021-07-22T12:52:19","modified_gmt":"2021-07-22T10:52:19","slug":"installation-dun-plafond-tendu-laque-avec-leds-en-peripherie","status":"publish","type":"post","link":"https:\/\/www.decoplafond.fr\/index.php\/2021\/03\/15\/installation-dun-plafond-tendu-laque-avec-leds-en-peripherie\/","title":{"rendered":"Installation d&rsquo;un plafond tendu laqu\u00e9 avec LEDS en p\u00e9riph\u00e9rie"},"content":{"rendered":"<p>Pour cette nouvelle prestation, <strong>D\u00e9co Plafond<\/strong> prend la route en direction de <strong>l\u2019a\u00e9roport de Nice<\/strong> afin d\u2019installer un <a href=\"https:\/\/www.decoplafond.fr\/index.php\/2021\/02\/28\/plafond-tendu-laque-blanc-sous-charpente\/\">plafond tendu<\/a> avec un bandeau de LEDS en p\u00e9riph\u00e9rie mont\u00e9es sur un cadre en aluminium fabriqu\u00e9 sur mesure.<\/p>\n<p>Pour ce chantier, dans un premier temps, il a fallu prot\u00e9ger l\u2019ensemble des \u00e9l\u00e9ments pr\u00e9sents dans le salon VIP pour la mise en place du futur plafond tendu. La deuxi\u00e8me phase du travail a \u00e9t\u00e9 de d\u00e9terminer les mesures exactes du cadre afin de le positionner au-dessus et au centre d\u2019un espace compos\u00e9s de deux tables rectangulaires avec tabourets.<\/p>\n<p>La difficult\u00e9 de cette installation fut la gestion du poids du cadre et de ses dimensions importantes ainsi que la parfaite connexion \u00e9lectrique afin de mettre en valeur le plafond tendu avec son encadrement lumineux.<\/p>\n<p>Au terme de ce chantier, il apparait un <a href=\"https:\/\/www.decoplafond.fr\/index.php\/plafonds-tendus\/\">plafond tendu<\/a> qui offre un espace de d\u00e9tente, agr\u00e9able et apaisant pour accueillir des invit\u00e9s de prestige.<\/p>\n<p>Notre savoir-faire et notre professionnalisme mis au service de cette prestation ont \u00e9t\u00e9 pleinement salu\u00e9s par notre client.<\/p>\n<p>Vous souhaitez faire r\u00e9aliser un plafond tendu, un mur tendu, un plafond acoustique, un mur acoustique, un plafond miroir, un plafond laqu\u00e9 ou tout simplement des peintures ou d\u00e9corations d\u2019int\u00e9rieurs, <a href=\"https:\/\/www.decoplafond.fr\/contactez-nous\/\">contactez-nous<\/a>.<\/p>\n<p>Vous pouvez \u00e9galement nous \u00e9crire et si n\u00e9cessaire, nous envoyer des photos en utilisant le formulaire de contact disponible <a href=\"https:\/\/www.decoplafond.fr\/contactez-nous\/\">ici<\/a>.<\/p>\n<p>Nous sommes aussi joignables par t\u00e9l\u00e9phone au <a href=\"tel:0491854020\">04 91 85 40 20<\/a> et <a href=\"tel:0609505035\">06 09 50 50 35<\/a>.<\/p>\n<p>Notre adresse : 6 Boulevard Reynaud de Trets 13010 Marseille<\/p>\n","protected":false},"excerpt":{"rendered":"<p>Pour cette nouvelle prestation, D\u00e9co Plafond prend la route en direction de l\u2019a\u00e9roport de Nice afin d\u2019installer un plafond tendu avec un bandeau de LEDS en p\u00e9riph\u00e9rie mont\u00e9es sur un cadre en aluminium fabriqu\u00e9 sur mesure. Pour ce chantier, dans un premier temps, il a fallu prot\u00e9ger l\u2019ensemble des \u00e9l\u00e9ments pr\u00e9sents dans le salon VIP<\/p>\n","protected":false},"author":1,"featured_media":5104,"comment_status":"closed","ping_status":"closed","sticky":false,"template":"","format":"standard","meta":{"footnotes":""},"categories":[86,73,51,82],"tags":[141,111,140,142],"class_list":["post-5105","post","type-post","status-publish","format-standard","has-post-thumbnail","hentry","category-plafond-decoratif","category-plafond-mirroir","category-plafond-tendu","category-plafond-tendu-laque","tag-aeroport-de-nice","tag-plafond-laque-marseille","tag-plafond-laque-nice","tag-plafond-tendu-avec-leds"],"_links":{"self":[{"href":"https:\/\/www.decoplafond.fr\/index.php\/wp-json\/wp\/v2\/posts\/5105","targetHints":{"allow":["GET"]}}],"collection":[{"href":"https:\/\/www.decoplafond.fr\/index.php\/wp-json\/wp\/v2\/posts"}],"about":[{"href":"https:\/\/www.decoplafond.fr\/index.php\/wp-json\/wp\/v2\/types\/post"}],"author":[{"embeddable":true,"href":"https:\/\/www.decoplafond.fr\/index.php\/wp-json\/wp\/v2\/users\/1"}],"replies":[{"embeddable":true,"href":"https:\/\/www.decoplafond.fr\/index.php\/wp-json\/wp\/v2\/comments?post=5105"}],"version-history":[{"count":0,"href":"https:\/\/www.decoplafond.fr\/index.php\/wp-json\/wp\/v2\/posts\/5105\/revisions"}],"wp:featuredmedia":[{"embeddable":true,"href":"https:\/\/www.decoplafond.fr\/index.php\/wp-json\/wp\/v2\/media\/5104"}],"wp:attachment":[{"href":"https:\/\/www.decoplafond.fr\/index.php\/wp-json\/wp\/v2\/media?parent=5105"}],"wp:term":[{"taxonomy":"category","embeddable":true,"href":"https:\/\/www.decoplafond.fr\/index.php\/wp-json\/wp\/v2\/categories?post=5105"},{"taxonomy":"post_tag","embeddable":true,"href":"https:\/\/www.decoplafond.fr\/index.php\/wp-json\/wp\/v2\/tags?post=5105"}],"curies":[{"name":"wp","href":"https:\/\/api.w.org\/{rel}","templated":true}]}}