{"id":5061,"date":"2021-02-16T18:11:27","date_gmt":"2021-02-16T17:11:27","guid":{"rendered":"https:\/\/www.decoplafond.fr\/?p=5061"},"modified":"2021-07-22T12:53:30","modified_gmt":"2021-07-22T10:53:30","slug":"plafond-tendu-en-pvc-blanc-mat-dans-un-appartement","status":"publish","type":"post","link":"https:\/\/www.decoplafond.fr\/index.php\/2021\/02\/16\/plafond-tendu-en-pvc-blanc-mat-dans-un-appartement\/","title":{"rendered":"Plafond tendu en PVC blanc mat dans un appartement."},"content":{"rendered":"<p>Notre activit\u00e9 nous conduit cette fois dans le 8<sup>\u00e8me<\/sup> arrondissement de <strong>Marseille<\/strong>, o\u00f9 nos clients poss\u00e8dent un appartement dont les plafonds avaient besoin d\u2019une remise \u00e0 neuf.<\/p>\n<p>Le choix s\u2019est port\u00e9 sur un <a href=\"https:\/\/www.decoplafond.fr\/index.php\/2021\/01\/02\/plafond-tendu-satine-blanc\/\">plafond tendu<\/a> PVC blanc mat dont l\u2019aspect est tr\u00e8s proche d\u2019un plafond traditionnel et qui offre une tr\u00e8s grande r\u00e9sistance.<\/p>\n<p>Nos clients souhaitaient des plafonds sans aucun d\u00e9faut, avec un \u00e9clairage central non encastr\u00e9 afin de pr\u00e9server au maximum la hauteur sous plafond et de conserver ainsi le volume original des pi\u00e8ces concern\u00e9es.<\/p>\n<p>Les photos ci-jointes, montrent le r\u00e9sultat obtenu qui se trouve \u00eatre en parfait accord avec les attentes de nos clients. Vous pourrez aussi constater l\u2019int\u00e9gration parfaite du plafond tendu qui semble avoir toujours \u00e9t\u00e9 pr\u00e9sent.<\/p>\n<p>Vous souhaitez faire r\u00e9aliser un plafond tendu, un <a href=\"https:\/\/www.decoplafond.fr\/index.php\/2021\/01\/10\/toile-murale-tendue-imprimee-et-acoustique-de-marque-clipso\/\">mur tendu<\/a>, un plafond acoustique, un mur acoustique, un <a href=\"https:\/\/www.decoplafond.fr\/index.php\/2020\/12\/19\/installation-dun-plafond-tendu-laque-blanc-dans-une-salle-de-bain\/\">plafond miroir<\/a>, un plafond laqu\u00e9 ou tout simplement des peintures ou d\u00e9corations d\u2019int\u00e9rieurs, <a href=\"https:\/\/www.decoplafond.fr\/contactez-nous\/\">contactez-nous<\/a>.<\/p>\n<p>Vous pouvez \u00e9galement nous \u00e9crire et si n\u00e9cessaire, nous envoyer des photos en utilisant le formulaire de contact disponible <a href=\"https:\/\/www.decoplafond.fr\/contactez-nous\/\">ici<\/a>.<\/p>\n<p>Nous sommes aussi joignables par t\u00e9l\u00e9phone au <a href=\"tel:0491854020\">04 91 85 40 20<\/a> et <a href=\"tel:0609505035\">06 09 50 50 35<\/a>.<\/p>\n<p>Notre adresse : 6 Boulevard Reynaud de Trets 13010 <strong>Marseille<\/strong><\/p>\n","protected":false},"excerpt":{"rendered":"<p>Notre activit\u00e9 nous conduit cette fois dans le 8\u00e8me arrondissement de Marseille, o\u00f9 nos clients poss\u00e8dent un appartement dont les plafonds avaient besoin d\u2019une remise \u00e0 neuf. Le choix s\u2019est port\u00e9 sur un plafond tendu PVC blanc mat dont l\u2019aspect est tr\u00e8s proche d\u2019un plafond traditionnel et qui offre une tr\u00e8s grande r\u00e9sistance. Nos clients<\/p>\n","protected":false},"author":1,"featured_media":5056,"comment_status":"closed","ping_status":"closed","sticky":false,"template":"","format":"standard","meta":{"footnotes":""},"categories":[86,51],"tags":[120,81,121,122],"class_list":["post-5061","post","type-post","status-publish","format-standard","has-post-thumbnail","hentry","category-plafond-decoratif","category-plafond-tendu","tag-plafond-tendu-blanc-mat","tag-plafond-tendu-marseille","tag-plafond-tendu-pvc","tag-toile-pvc"],"_links":{"self":[{"href":"https:\/\/www.decoplafond.fr\/index.php\/wp-json\/wp\/v2\/posts\/5061","targetHints":{"allow":["GET"]}}],"collection":[{"href":"https:\/\/www.decoplafond.fr\/index.php\/wp-json\/wp\/v2\/posts"}],"about":[{"href":"https:\/\/www.decoplafond.fr\/index.php\/wp-json\/wp\/v2\/types\/post"}],"author":[{"embeddable":true,"href":"https:\/\/www.decoplafond.fr\/index.php\/wp-json\/wp\/v2\/users\/1"}],"replies":[{"embeddable":true,"href":"https:\/\/www.decoplafond.fr\/index.php\/wp-json\/wp\/v2\/comments?post=5061"}],"version-history":[{"count":0,"href":"https:\/\/www.decoplafond.fr\/index.php\/wp-json\/wp\/v2\/posts\/5061\/revisions"}],"wp:featuredmedia":[{"embeddable":true,"href":"https:\/\/www.decoplafond.fr\/index.php\/wp-json\/wp\/v2\/media\/5056"}],"wp:attachment":[{"href":"https:\/\/www.decoplafond.fr\/index.php\/wp-json\/wp\/v2\/media?parent=5061"}],"wp:term":[{"taxonomy":"category","embeddable":true,"href":"https:\/\/www.decoplafond.fr\/index.php\/wp-json\/wp\/v2\/categories?post=5061"},{"taxonomy":"post_tag","embeddable":true,"href":"https:\/\/www.decoplafond.fr\/index.php\/wp-json\/wp\/v2\/tags?post=5061"}],"curies":[{"name":"wp","href":"https:\/\/api.w.org\/{rel}","templated":true}]}}