{"id":4992,"date":"2021-01-22T18:21:54","date_gmt":"2021-01-22T17:21:54","guid":{"rendered":"https:\/\/www.decoplafond.fr\/?p=4992"},"modified":"2021-07-22T13:01:29","modified_gmt":"2021-07-22T11:01:29","slug":"toile-murale-tendue-acoustique-et-imprimee-pour-auditorium","status":"publish","type":"post","link":"https:\/\/www.decoplafond.fr\/index.php\/2021\/01\/22\/toile-murale-tendue-acoustique-et-imprimee-pour-auditorium\/","title":{"rendered":"Toile murale tendue acoustique et imprim\u00e9e pour auditorium"},"content":{"rendered":"<p>Pour faire suite \u00e0 l\u2019article concernant nos clients m\u00e9lomanes d\u2019<strong>Ensu\u00e8s-la-Redonne<\/strong>, nous avons d\u00e9cid\u00e9 de publier les photos de cette installation audio termin\u00e9e et fonctionnelle.<\/p>\n<p>Ces clients nous ont fait le plus grand plaisir en nous envoyant non seulement des photos mais aussi une petite vid\u00e9o qui nous permet de nous rendre compte a quel cette installation est puissante et qualitative.<\/p>\n<p>Bien heureusement, ils ont pens\u00e9 \u00e0 leurs voisins en nous faisant installer la toile tendue d\u00e9corative et acoustique que l\u2019on peut voir sur les photos et dont l\u2019isolation phonique est assur\u00e9e par un molleton acoustique install\u00e9 entre le mur et la toile imprim\u00e9e.<\/p>\n<p>Nous leurs souhaitons beaucoup de plaisir \u00e0 l\u2019usage de cet espace d\u2019\u00e9coute.<\/p>\n<p>Vous souhaitez faire r\u00e9aliser un plafond tendu, <a href=\"https:\/\/www.decoplafond.fr\/index.php\/2020\/07\/18\/mur-tendu-marseille\/\">un mur tendu<\/a>, un plafond acoustique, <a href=\"https:\/\/www.decoplafond.fr\/index.php\/2016\/01\/19\/plafond-tendu\/\">un mur acoustique<\/a>, un plafond miroir, un plafond laqu\u00e9 ou tout simplement des peintures ou d\u00e9corations d\u2019int\u00e9rieurs, <a href=\"https:\/\/www.decoplafond.fr\/contactez-nous\/\">contactez-nous<\/a>.<\/p>\n<p>Vous pouvez \u00e9galement nous \u00e9crire et si n\u00e9cessaire, nous envoyer des photos en utilisant le formulaire de contact disponible <a href=\"https:\/\/www.decoplafond.fr\/contactez-nous\/\">ici<\/a>.<\/p>\n<p>Nous sommes aussi joignables par t\u00e9l\u00e9phone au <a href=\"tel:0491854020\">04 91 85 40 20<\/a> et <a href=\"tel:0609505035\">06 09 50 50 35<\/a>.<\/p>\n<p>Notre adresse : 6 Boulevard Reynaud de Trets 13010 <strong>Marseille<\/strong><\/p>\n<p>&nbsp;<\/p>\n<div style=\"text-align:center;\"><div style=\"width: 1170px;\" class=\"wp-video\"><video class=\"wp-video-shortcode\" id=\"video-4992-1\" width=\"1170\" height=\"658\" preload=\"metadata\" controls=\"controls\"><source type=\"video\/mp4\" src=\"https:\/\/www.decoplafond.fr\/wp-content\/uploads\/2021\/01\/video_l.mp4?_=1\" \/><a href=\"https:\/\/www.decoplafond.fr\/wp-content\/uploads\/2021\/01\/video_l.mp4\">https:\/\/www.decoplafond.fr\/wp-content\/uploads\/2021\/01\/video_l.mp4<\/a><\/video><\/div><\/div>\n","protected":false},"excerpt":{"rendered":"<p>Pour faire suite \u00e0 l\u2019article concernant nos clients m\u00e9lomanes d\u2019Ensu\u00e8s-la-Redonne, nous avons d\u00e9cid\u00e9 de publier les photos de cette installation audio termin\u00e9e et fonctionnelle. Ces clients nous ont fait le plus grand plaisir en nous envoyant non seulement des photos mais aussi une petite vid\u00e9o qui nous permet de nous rendre compte a quel cette<\/p>\n","protected":false},"author":1,"featured_media":4978,"comment_status":"closed","ping_status":"closed","sticky":false,"template":"","format":"standard","meta":{"footnotes":""},"categories":[54,50,74],"tags":[101,55,107,108,109,110],"class_list":["post-4992","post","type-post","status-publish","format-standard","has-post-thumbnail","hentry","category-mur-acoustique","category-mur-tendu","category-peinture-decoration","tag-ensues-la-redonne","tag-mur-acoustique","tag-mur-acoustique-marseille","tag-toile-murale-imprimee","tag-toile-tendue-decorative","tag-toile-tendue-marseille"],"_links":{"self":[{"href":"https:\/\/www.decoplafond.fr\/index.php\/wp-json\/wp\/v2\/posts\/4992","targetHints":{"allow":["GET"]}}],"collection":[{"href":"https:\/\/www.decoplafond.fr\/index.php\/wp-json\/wp\/v2\/posts"}],"about":[{"href":"https:\/\/www.decoplafond.fr\/index.php\/wp-json\/wp\/v2\/types\/post"}],"author":[{"embeddable":true,"href":"https:\/\/www.decoplafond.fr\/index.php\/wp-json\/wp\/v2\/users\/1"}],"replies":[{"embeddable":true,"href":"https:\/\/www.decoplafond.fr\/index.php\/wp-json\/wp\/v2\/comments?post=4992"}],"version-history":[{"count":0,"href":"https:\/\/www.decoplafond.fr\/index.php\/wp-json\/wp\/v2\/posts\/4992\/revisions"}],"wp:featuredmedia":[{"embeddable":true,"href":"https:\/\/www.decoplafond.fr\/index.php\/wp-json\/wp\/v2\/media\/4978"}],"wp:attachment":[{"href":"https:\/\/www.decoplafond.fr\/index.php\/wp-json\/wp\/v2\/media?parent=4992"}],"wp:term":[{"taxonomy":"category","embeddable":true,"href":"https:\/\/www.decoplafond.fr\/index.php\/wp-json\/wp\/v2\/categories?post=4992"},{"taxonomy":"post_tag","embeddable":true,"href":"https:\/\/www.decoplafond.fr\/index.php\/wp-json\/wp\/v2\/tags?post=4992"}],"curies":[{"name":"wp","href":"https:\/\/api.w.org\/{rel}","templated":true}]}}