{"id":4872,"date":"2020-12-19T11:13:20","date_gmt":"2020-12-19T10:13:20","guid":{"rendered":"https:\/\/www.decoplafond.fr\/?p=4872"},"modified":"2021-07-22T13:02:34","modified_gmt":"2021-07-22T11:02:34","slug":"installation-dun-plafond-tendu-laque-blanc-dans-une-salle-de-bain","status":"publish","type":"post","link":"https:\/\/www.decoplafond.fr\/index.php\/2020\/12\/19\/installation-dun-plafond-tendu-laque-blanc-dans-une-salle-de-bain\/","title":{"rendered":"Installation d\u2019un plafond tendu laqu\u00e9 blanc dans une salle de bain."},"content":{"rendered":"<p>La soci\u00e9t\u00e9 D\u00e9co Plafond a d\u00e9pos\u00e9 son mat\u00e9riel professionnel chez un particulier \u00e0 <strong>Marseille<\/strong>, dans le quartier de <strong>Bonneveine<\/strong>.<\/p>\n<p>Pour cette prestation, le client a choisi l\u2019installation d\u2019un plafond tendu laqu\u00e9 blanc dans la salle de bain. Celui-ci met en valeur le carrelage marbr\u00e9 qui recouvre l\u2019ensemble des murs de cette pi\u00e8ce et lui donne une impression de grandeur. L&rsquo;\u00e9clairage int\u00e9gr\u00e9 dans le plafond tendu laqu\u00e9 blanc fini parfaitement cette pi\u00e8ce d&rsquo;eau et lui conf\u00e8re un aspect luxueux.<\/p>\n<p>La pose d\u2019un plafond tendu est r\u00e9alisable dans toutes les pi\u00e8ces d\u2019une maison, de la plus grande \u00e0 la plus petite, tout en respectant la nature, la forme et l\u2019ambiance g\u00e9n\u00e9rale de l\u2019endroit o\u00f9 se pratique l\u2019installation.<\/p>\n<p>Vous souhaitez faire r\u00e9aliser un <a href=\"https:\/\/www.decoplafond.fr\/index.php\/2020\/12\/05\/plafond-tendu-pvc-laque-blanc\/\">plafond tendu<\/a>, un <a href=\"https:\/\/www.decoplafond.fr\/index.php\/2016\/01\/19\/plafond-tendu\/\">mur tendu<\/a>, un plafond acoustique, un mur acoustique, un plafond miroir, un plafond laqu\u00e9 ou tout simplement des peintures ou d\u00e9corations d\u2019int\u00e9rieurs, <a href=\"https:\/\/www.decoplafond.fr\/contactez-nous\/\">contactez-nous<\/a>.<\/p>\n<p>Vous pouvez \u00e9galement nous \u00e9crire et si n\u00e9cessaire, nous envoyer des photos en utilisant le formulaire de contact disponible <a href=\"https:\/\/www.decoplafond.fr\/contactez-nous\/\">ici<\/a>.<\/p>\n<p>Nous sommes aussi joignables par t\u00e9l\u00e9phone au <a href=\"tel:0491854020\">04 91 85 40 20<\/a> et <a href=\"tel:0609505035\">06 09 50 50 35<\/a>.<\/p>\n<p>Notre adresse : 6 Boulevard Reynaud de Trets 13010 <strong>Marseille<\/strong><\/p>\n","protected":false},"excerpt":{"rendered":"<p>La soci\u00e9t\u00e9 D\u00e9co Plafond a d\u00e9pos\u00e9 son mat\u00e9riel professionnel chez un particulier \u00e0 Marseille, dans le quartier de Bonneveine. Pour cette prestation, le client a choisi l\u2019installation d\u2019un plafond tendu laqu\u00e9 blanc dans la salle de bain. Celui-ci met en valeur le carrelage marbr\u00e9 qui recouvre l\u2019ensemble des murs de cette pi\u00e8ce et lui donne<\/p>\n","protected":false},"author":1,"featured_media":4868,"comment_status":"closed","ping_status":"closed","sticky":false,"template":"","format":"standard","meta":{"footnotes":""},"categories":[73,51,82],"tags":[96,95,56,61,64],"class_list":["post-4872","post","type-post","status-publish","format-standard","has-post-thumbnail","hentry","category-plafond-mirroir","category-plafond-tendu","category-plafond-tendu-laque","tag-96","tag-bonneveine","tag-marseille","tag-plafond-tendu-a-marseille","tag-plafond-tendu-laque"],"_links":{"self":[{"href":"https:\/\/www.decoplafond.fr\/index.php\/wp-json\/wp\/v2\/posts\/4872","targetHints":{"allow":["GET"]}}],"collection":[{"href":"https:\/\/www.decoplafond.fr\/index.php\/wp-json\/wp\/v2\/posts"}],"about":[{"href":"https:\/\/www.decoplafond.fr\/index.php\/wp-json\/wp\/v2\/types\/post"}],"author":[{"embeddable":true,"href":"https:\/\/www.decoplafond.fr\/index.php\/wp-json\/wp\/v2\/users\/1"}],"replies":[{"embeddable":true,"href":"https:\/\/www.decoplafond.fr\/index.php\/wp-json\/wp\/v2\/comments?post=4872"}],"version-history":[{"count":0,"href":"https:\/\/www.decoplafond.fr\/index.php\/wp-json\/wp\/v2\/posts\/4872\/revisions"}],"wp:featuredmedia":[{"embeddable":true,"href":"https:\/\/www.decoplafond.fr\/index.php\/wp-json\/wp\/v2\/media\/4868"}],"wp:attachment":[{"href":"https:\/\/www.decoplafond.fr\/index.php\/wp-json\/wp\/v2\/media?parent=4872"}],"wp:term":[{"taxonomy":"category","embeddable":true,"href":"https:\/\/www.decoplafond.fr\/index.php\/wp-json\/wp\/v2\/categories?post=4872"},{"taxonomy":"post_tag","embeddable":true,"href":"https:\/\/www.decoplafond.fr\/index.php\/wp-json\/wp\/v2\/tags?post=4872"}],"curies":[{"name":"wp","href":"https:\/\/api.w.org\/{rel}","templated":true}]}}