{"id":186,"date":"2016-01-19T21:39:10","date_gmt":"2016-01-19T20:39:10","guid":{"rendered":"http:\/\/theme-fusion.com\/avada\/classic\/?p=186"},"modified":"2021-07-22T13:04:48","modified_gmt":"2021-07-22T11:04:48","slug":"plafond-tendu","status":"publish","type":"post","link":"https:\/\/www.decoplafond.fr\/index.php\/2016\/01\/19\/plafond-tendu\/","title":{"rendered":"R\u00e9alisation d&rsquo;un plafond et mur tendu acoustique"},"content":{"rendered":"<p>R\u00e9alisation d&rsquo;un <strong>plafond et mur tendu acoustique<\/strong> \u00e0 <strong>Marseille<\/strong> par l&rsquo;<strong>entreprise D\u00e9co Plafond<\/strong>.<\/p>\n<p>Dans une salle de r\u00e9union ou des informations confidentielles sont \u00e9chang\u00e9es et ou la concentration est essentielle, notre client a souhait\u00e9 r\u00e9aliser un <strong>plafond et un mur tendu acoustique<\/strong>.Des cadres Texxa ont \u00e9t\u00e9 pos\u00e9s au plafond qui ont la propri\u00e9t\u00e9 d&rsquo;absorber les bruits.<\/p>\n<p>La protection acoustique peut v\u00e9ritablement transformer un espace de travail en am\u00e9liorant la qualit\u00e9 sonore du lieu, facilitant ainsi la communication.<\/p>\n<p>Vous souhaitez des renseignements sur les <a href=\"https:\/\/www.decoplafond.fr\/index.php\/plafonds-micro-perfores\/\"><strong>plafonds et murs tendus acoustiques<\/strong><\/a>? <a href=\"https:\/\/www.decoplafond.fr\/index.php\/contactez-nous\/\"><strong>contactez-nous.<\/strong><\/a><\/p>\n","protected":false},"excerpt":{"rendered":"<p>R\u00e9alisation d&rsquo;un plafond et mur tendu acoustique \u00e0 Marseille par l&rsquo;entreprise D\u00e9co Plafond. Dans une salle de r\u00e9union ou des informations confidentielles sont \u00e9chang\u00e9es et ou la concentration est essentielle, notre client a souhait\u00e9 r\u00e9aliser un plafond et un mur tendu acoustique.Des cadres Texxa ont \u00e9t\u00e9 pos\u00e9s au plafond qui ont la propri\u00e9t\u00e9 d&rsquo;absorber les<\/p>\n","protected":false},"author":1,"featured_media":3852,"comment_status":"closed","ping_status":"closed","sticky":false,"template":"","format":"standard","meta":{"footnotes":""},"categories":[54,53,52],"tags":[69,66,70,71],"class_list":["post-186","post","type-post","status-publish","format-standard","has-post-thumbnail","hentry","category-mur-acoustique","category-plafond-acoustique","category-plafond-micro-perfore","tag-murs-acoustiques","tag-murs-tendus","tag-plafond-acoustique","tag-plafonds-tendus"],"_links":{"self":[{"href":"https:\/\/www.decoplafond.fr\/index.php\/wp-json\/wp\/v2\/posts\/186","targetHints":{"allow":["GET"]}}],"collection":[{"href":"https:\/\/www.decoplafond.fr\/index.php\/wp-json\/wp\/v2\/posts"}],"about":[{"href":"https:\/\/www.decoplafond.fr\/index.php\/wp-json\/wp\/v2\/types\/post"}],"author":[{"embeddable":true,"href":"https:\/\/www.decoplafond.fr\/index.php\/wp-json\/wp\/v2\/users\/1"}],"replies":[{"embeddable":true,"href":"https:\/\/www.decoplafond.fr\/index.php\/wp-json\/wp\/v2\/comments?post=186"}],"version-history":[{"count":0,"href":"https:\/\/www.decoplafond.fr\/index.php\/wp-json\/wp\/v2\/posts\/186\/revisions"}],"wp:featuredmedia":[{"embeddable":true,"href":"https:\/\/www.decoplafond.fr\/index.php\/wp-json\/wp\/v2\/media\/3852"}],"wp:attachment":[{"href":"https:\/\/www.decoplafond.fr\/index.php\/wp-json\/wp\/v2\/media?parent=186"}],"wp:term":[{"taxonomy":"category","embeddable":true,"href":"https:\/\/www.decoplafond.fr\/index.php\/wp-json\/wp\/v2\/categories?post=186"},{"taxonomy":"post_tag","embeddable":true,"href":"https:\/\/www.decoplafond.fr\/index.php\/wp-json\/wp\/v2\/tags?post=186"}],"curies":[{"name":"wp","href":"https:\/\/api.w.org\/{rel}","templated":true}]}}